{"id":7,"date":"2015-12-10T15:45:31","date_gmt":"2015-12-10T15:45:31","guid":{"rendered":"https:\/\/tus.smaco.de\/?p=7"},"modified":"2015-12-10T15:45:31","modified_gmt":"2015-12-10T15:45:31","slug":"weihnachtsbaumaktion-beim-tus","status":"publish","type":"post","link":"https:\/\/tus.smaco.de\/?p=7","title":{"rendered":"Weihnachtsbaumaktion beim TuS"},"content":{"rendered":"<p style=\"text-align: justify;\">Am Nikolaustag fand wieder der j\u00e4hrliche<em> Weihnachtsbaumverkauf<\/em> des TuS Winterscheid statt.<br \/>Wie auch schon in den vergangenen Jahren war es ein voller Erfolg.<br \/>Dank der aufopfernden Arbeit an der Kettens\u00e4ge konnte jeder Baum f\u00fcr die einzelnen G\u00e4ste passend geschnitten werden.<br \/>Wie schon in den vergangegen Jahren war es wieder ein erfolgreicher Tag f\u00fcr alle Beteiligten und wir w\u00fcnschen allen von hier aus sch\u00f6ne Weihnachtstage.<br \/><strong>Vielen Dank<\/strong> an all unsere G\u00e4ste f\u00fcr die Unterst\u00fctzung des TuS Winterscheid<\/p>\n","protected":false},"excerpt":{"rendered":"<p>Am Nikolaustag fand wieder der j\u00e4hrliche Weihnachtsbaumverkauf des TuS Winterscheid statt.Wie auch schon in den vergangenen Jahren war es ein voller Erfolg.Dank der aufopfernden Arbeit an der Kettens\u00e4ge konnte jeder Baum f\u00fcr die einzelnen G\u00e4ste passend geschnitten werden.Wie schon in den vergangegen Jahren war es wieder ein erfolgreicher Tag f\u00fcr [&hellip;]<\/p>\n","protected":false},"author":1,"featured_media":0,"comment_status":"open","ping_status":"open","sticky":false,"template":"","format":"standard","meta":{"footnotes":""},"categories":[3],"tags":[],"class_list":["post-7","post","type-post","status-publish","format-standard","hentry","category-tuswinterscheid"],"_links":{"self":[{"href":"https:\/\/tus.smaco.de\/index.php?rest_route=\/wp\/v2\/posts\/7","targetHints":{"allow":["GET"]}}],"collection":[{"href":"https:\/\/tus.smaco.de\/index.php?rest_route=\/wp\/v2\/posts"}],"about":[{"href":"https:\/\/tus.smaco.de\/index.php?rest_route=\/wp\/v2\/types\/post"}],"author":[{"embeddable":true,"href":"https:\/\/tus.smaco.de\/index.php?rest_route=\/wp\/v2\/users\/1"}],"replies":[{"embeddable":true,"href":"https:\/\/tus.smaco.de\/index.php?rest_route=%2Fwp%2Fv2%2Fcomments&post=7"}],"version-history":[{"count":0,"href":"https:\/\/tus.smaco.de\/index.php?rest_route=\/wp\/v2\/posts\/7\/revisions"}],"wp:attachment":[{"href":"https:\/\/tus.smaco.de\/index.php?rest_route=%2Fwp%2Fv2%2Fmedia&parent=7"}],"wp:term":[{"taxonomy":"category","embeddable":true,"href":"https:\/\/tus.smaco.de\/index.php?rest_route=%2Fwp%2Fv2%2Fcategories&post=7"},{"taxonomy":"post_tag","embeddable":true,"href":"https:\/\/tus.smaco.de\/index.php?rest_route=%2Fwp%2Fv2%2Ftags&post=7"}],"curies":[{"name":"wp","href":"https:\/\/api.w.org\/{rel}","templated":true}]}}