{"id":68,"date":"2016-11-18T05:42:59","date_gmt":"2016-11-18T05:42:59","guid":{"rendered":"https:\/\/tus.smaco.de\/?p=68"},"modified":"2016-11-18T05:42:59","modified_gmt":"2016-11-18T05:42:59","slug":"weihnachtsbaumverkauf-beim-tus-winterscheid","status":"publish","type":"post","link":"https:\/\/tus.smaco.de\/?p=68","title":{"rendered":"Weihnachtsbaumverkauf beim TuS Winterscheid"},"content":{"rendered":"<p><span class=\"content\"><img decoding=\"async\" src=\"images\/Veranstaltungen\/Weihnachtsbaumverk.jpg\" alt=\"Weihnachtsbaumverk\" style=\"margin-right: 15px; float: left;\" \/>Der TuS Winterscheid verkauft am Sonntag den <span class=\"content\">04.12.2016 um <strong>11 Uhr<\/strong><\/span> wieder frisch geschlagene Weihnachtsb\u00e4ume.<br \/> Wie jedes Jahr sind die B\u00e4ume, bei denen es sich um Nordmanntannen handelt, von h\u00f6chster Qualit\u00e4t und frisch geschlagen.<br \/><\/span><\/p>\n<p style=\"text-align: left;\"><span class=\"content\">Preise finden Sie in der Beschreibung!<br \/><\/span><\/p>\n<p><span class=\"content\"><\/p>\n<p><\/span><\/p>\n<p style=\"text-align: center;\"><span class=\"content\"><strong>Sie k\u00f6nnen sich Ihren Baum am Sonntag den 04. Dezember 2016 sichern!<br \/><\/strong><\/span><\/p>\n<p style=\"text-align: center;\"><span class=\"content\"><strong>&#8230; ab 11 Uhr<\/p>\n<p> Winterscheider Sportplatz<br \/> (Achim-St\u00f6ver-Platz)<\/strong><\/span><\/p>\n<p style=\"text-align: center;\"><span class=\"content\"><strong>&nbsp;<\/strong><\/span><\/p>\n<p style=\"text-align: center;\"><span class=\"content\"><span style=\"font-weight: bold;\">Ein erstandener Baum kann f\u00fcr einen Preis von 2 Euro, nach Winterscheid&nbsp; bis an die Haust\u00fcr geliefert werden.<br \/> Sollten Sie eine Lieferung ausserhalb von Winterscheid w\u00fcnschen, dann sprechen Sie uns vor Ort an!<\/span><\/span><\/p>\n<p style=\"text-align: center;\"><span class=\"content\"><span style=\"font-weight: bold;\"><\/span><\/span><\/p>\n<p style=\"text-align: center;\"><span class=\"content\"><span style=\"font-weight: bold;\">Nordmann Tanne<br \/><\/span><\/span><\/p>\n<p><center><\/p>\n<table border=\"0\" style=\"width: 300px;\">\n<tbody>\n<tr>\n<td>&nbsp;&nbsp;&nbsp;&nbsp;&nbsp;&nbsp; bis 2,0 Meter<\/td>\n<td>&nbsp;27 Euro<\/td>\n<\/tr>\n<tr>\n<td>&nbsp;&nbsp;&nbsp;&nbsp;&nbsp;&nbsp; bis 2,5 Meter<\/td>\n<td>&nbsp;32 Euro<\/td>\n<\/tr>\n<tr>\n<td>&nbsp;&nbsp;&nbsp;&nbsp;&nbsp;&nbsp; \u00fcber 2,5 Meter<\/td>\n<td>&nbsp;37 Euro<\/td>\n<\/tr>\n<\/tbody>\n<\/table>\n<p><span class=\"content\"><\/p>\n<p><\/span><\/p>\n<p style=\"text-align: center;\"><span class=\"content\">Unterst\u00fctzen Sie den TuS Winterscheid und sichern sich dabei Ihren Traumweihnachtsbaum!<\/span><\/p>\n<p><\/center><\/p>\n","protected":false},"excerpt":{"rendered":"<p>Der TuS Winterscheid verkauft am Sonntag den 04.12.2016 um 11 Uhr wieder frisch geschlagene Weihnachtsb\u00e4ume. Wie jedes Jahr sind die B\u00e4ume, bei denen es sich um Nordmanntannen handelt, von h\u00f6chster Qualit\u00e4t und frisch geschlagen. Preise finden Sie in der Beschreibung! Sie k\u00f6nnen sich Ihren Baum am Sonntag den 04. Dezember [&hellip;]<\/p>\n","protected":false},"author":1,"featured_media":0,"comment_status":"open","ping_status":"open","sticky":false,"template":"","format":"standard","meta":{"footnotes":""},"categories":[3],"tags":[],"class_list":["post-68","post","type-post","status-publish","format-standard","hentry","category-tuswinterscheid"],"_links":{"self":[{"href":"https:\/\/tus.smaco.de\/index.php?rest_route=\/wp\/v2\/posts\/68","targetHints":{"allow":["GET"]}}],"collection":[{"href":"https:\/\/tus.smaco.de\/index.php?rest_route=\/wp\/v2\/posts"}],"about":[{"href":"https:\/\/tus.smaco.de\/index.php?rest_route=\/wp\/v2\/types\/post"}],"author":[{"embeddable":true,"href":"https:\/\/tus.smaco.de\/index.php?rest_route=\/wp\/v2\/users\/1"}],"replies":[{"embeddable":true,"href":"https:\/\/tus.smaco.de\/index.php?rest_route=%2Fwp%2Fv2%2Fcomments&post=68"}],"version-history":[{"count":0,"href":"https:\/\/tus.smaco.de\/index.php?rest_route=\/wp\/v2\/posts\/68\/revisions"}],"wp:attachment":[{"href":"https:\/\/tus.smaco.de\/index.php?rest_route=%2Fwp%2Fv2%2Fmedia&parent=68"}],"wp:term":[{"taxonomy":"category","embeddable":true,"href":"https:\/\/tus.smaco.de\/index.php?rest_route=%2Fwp%2Fv2%2Fcategories&post=68"},{"taxonomy":"post_tag","embeddable":true,"href":"https:\/\/tus.smaco.de\/index.php?rest_route=%2Fwp%2Fv2%2Ftags&post=68"}],"curies":[{"name":"wp","href":"https:\/\/api.w.org\/{rel}","templated":true}]}}