{"id":62,"date":"2016-11-02T07:47:14","date_gmt":"2016-11-02T07:47:14","guid":{"rendered":"https:\/\/tus.smaco.de\/?p=62"},"modified":"2016-11-02T07:47:14","modified_gmt":"2016-11-02T07:47:14","slug":"beginn-der-krabbelgruppe","status":"publish","type":"post","link":"https:\/\/tus.smaco.de\/?p=62","title":{"rendered":"Beginn der Krabbelgruppe &#8230;"},"content":{"rendered":"<p>Am Freitag, den 04.11.2016, um 09.30 Uhr bis 10.30 Uhr beginnt die n\u00e4chste Runde der Krabbelgruppe beim TuS Winterscheid. Kommen d\u00fcrfen alle Mama&#8217;s und Papa&#8217;s (nat\u00fcrlich auch Gro\u00dfeltern) mit ihren Kleinen ab drei Monate bis neun Monate.&nbsp;<\/p>\n<p>Die Gruppe trifft sich in der Turnhalle Winterscheid in den oberen Gymnastikr\u00e4umen. Betreuen wird die Gruppe Madlen Fischer, Ansprechpartnerin f\u00fcr den Verein ist unsere Jugendturnleiterin Sylvia M\u00fcller (02247-89563).<\/p>\n<p>Viel Spa\u00df!<\/p>\n<p>Euer TuS Winterscheid 1923 e.V.<\/p>\n<p>&nbsp;<\/p>\n","protected":false},"excerpt":{"rendered":"<p>Am Freitag, den 04.11.2016, um 09.30 Uhr bis 10.30 Uhr beginnt die n\u00e4chste Runde der Krabbelgruppe beim TuS Winterscheid. Kommen d\u00fcrfen alle Mama&#8217;s und Papa&#8217;s (nat\u00fcrlich auch Gro\u00dfeltern) mit ihren Kleinen ab drei Monate bis neun Monate.&nbsp; Die Gruppe trifft sich in der Turnhalle Winterscheid in den oberen Gymnastikr\u00e4umen. Betreuen [&hellip;]<\/p>\n","protected":false},"author":1,"featured_media":0,"comment_status":"open","ping_status":"open","sticky":false,"template":"","format":"standard","meta":{"footnotes":""},"categories":[3],"tags":[],"class_list":["post-62","post","type-post","status-publish","format-standard","hentry","category-tuswinterscheid"],"_links":{"self":[{"href":"https:\/\/tus.smaco.de\/index.php?rest_route=\/wp\/v2\/posts\/62","targetHints":{"allow":["GET"]}}],"collection":[{"href":"https:\/\/tus.smaco.de\/index.php?rest_route=\/wp\/v2\/posts"}],"about":[{"href":"https:\/\/tus.smaco.de\/index.php?rest_route=\/wp\/v2\/types\/post"}],"author":[{"embeddable":true,"href":"https:\/\/tus.smaco.de\/index.php?rest_route=\/wp\/v2\/users\/1"}],"replies":[{"embeddable":true,"href":"https:\/\/tus.smaco.de\/index.php?rest_route=%2Fwp%2Fv2%2Fcomments&post=62"}],"version-history":[{"count":0,"href":"https:\/\/tus.smaco.de\/index.php?rest_route=\/wp\/v2\/posts\/62\/revisions"}],"wp:attachment":[{"href":"https:\/\/tus.smaco.de\/index.php?rest_route=%2Fwp%2Fv2%2Fmedia&parent=62"}],"wp:term":[{"taxonomy":"category","embeddable":true,"href":"https:\/\/tus.smaco.de\/index.php?rest_route=%2Fwp%2Fv2%2Fcategories&post=62"},{"taxonomy":"post_tag","embeddable":true,"href":"https:\/\/tus.smaco.de\/index.php?rest_route=%2Fwp%2Fv2%2Ftags&post=62"}],"curies":[{"name":"wp","href":"https:\/\/api.w.org\/{rel}","templated":true}]}}