{"id":6,"date":"2015-12-10T14:43:54","date_gmt":"2015-12-10T14:43:54","guid":{"rendered":"https:\/\/tus.smaco.de\/?p=6"},"modified":"2025-04-01T09:02:02","modified_gmt":"2025-04-01T09:02:02","slug":"erfolgreicher-start-beim-schuelertriathlon-leverkusen","status":"publish","type":"post","link":"https:\/\/tus.smaco.de\/?p=6","title":{"rendered":"Erfolgreicher Start beim Sch\u00fclertriathlon Leverkusen"},"content":{"rendered":"<p><span class=\"content\">Beim 6. Smidt Jugend- und Sch\u00fclertriathlon des Bayer 04 Leverkusen konnte erneut eine der kleinen Triathletinen des TuS Winterscheid erfolgreich auf das Treppchen steigen. Nachdem bei bestem Wetter und blauem Himmel die Sportger\u00e4te in der Wechselzone platziert wurden, wurde die Aufregung vor dem Start immer gr\u00f6\u00dfer. Der erste Start auf 2 Wechselzonen verteilt sollte an diesem Tag ein weiteres Highlight sein.<\/span><\/p>\n<p align=\"justify\"><span class=\"content\">Nachdem Mia Utscheid die Schwimmstrecke von 25 Metern noch im Mittelfeld der Starter verlies, konnte schon in der Wechselzone beim Anziehen der Schuhe und des Helm Zeit gut gemacht werden. Auf der Radstrecke von 1,5 Kilometer hat sie weiter Pl\u00e4tze aufgeholt.<br \/>\n<\/span><\/p>\n<p align=\"justify\">\n<p align=\"justify\"><span class=\"content\">Nachdem die Kinder die Radtrecke erfolgreich mit einer starken Rampe absolviert haben, musste noch die Laufstrecke von 200 Metern absolviert werden. Nach einem Zielsprint in die Trainingsanlage des Bayer 04 Leverkusen konnte Mia Utscheid sich in einer Gesamtzeit von 7 Minuten 38 Sekunden den dritten Platz, in der Altersklasse Sch\u00fcler D, erfolgreich sichern und einen Pokal bei der Siegerehrung entgegen nehmen.<\/span><\/p>\n<p align=\"justify\"><span class=\"content\">Ein Kindertriathlon, der von der Organisation und liebevollen Betreuung der Kinder nur zu empfehlen ist. Die Strecken waren bestens pr\u00e4pariert und auch der Zieleinlauf muss sich nicht verstecken, nach dem Zielbogen konnte man immer ersch\u00f6pfte, aber meist gl\u00fcckliche Kinder sehen.<\/span><\/p>\n<p><span class=\"content\">Die Kinderwettk\u00e4mpfe stehen alle im Fokus des Erlebens und nicht allein der Wettkampf und das Ergebnis z\u00e4hlt. Vielmehr wird bei diesen Leistungen im Breitensport das Kind gef\u00f6rdert und soll seine individuellen Erfolge erleben.<\/span><\/p>\n","protected":false},"excerpt":{"rendered":"<p>Beim 6. Smidt Jugend- und Sch\u00fclertriathlon des Bayer 04 Leverkusen konnte erneut eine der kleinen Triathletinen des TuS Winterscheid erfolgreich auf das Treppchen steigen. Nachdem bei bestem Wetter und blauem Himmel die Sportger\u00e4te in der Wechselzone platziert wurden, wurde die Aufregung vor dem Start immer gr\u00f6\u00dfer. Der erste Start auf [&hellip;]<\/p>\n","protected":false},"author":1,"featured_media":0,"comment_status":"open","ping_status":"open","sticky":false,"template":"","format":"standard","meta":{"footnotes":""},"categories":[5],"tags":[],"class_list":["post-6","post","type-post","status-publish","format-standard","hentry","category-triathlon"],"_links":{"self":[{"href":"https:\/\/tus.smaco.de\/index.php?rest_route=\/wp\/v2\/posts\/6","targetHints":{"allow":["GET"]}}],"collection":[{"href":"https:\/\/tus.smaco.de\/index.php?rest_route=\/wp\/v2\/posts"}],"about":[{"href":"https:\/\/tus.smaco.de\/index.php?rest_route=\/wp\/v2\/types\/post"}],"author":[{"embeddable":true,"href":"https:\/\/tus.smaco.de\/index.php?rest_route=\/wp\/v2\/users\/1"}],"replies":[{"embeddable":true,"href":"https:\/\/tus.smaco.de\/index.php?rest_route=%2Fwp%2Fv2%2Fcomments&post=6"}],"version-history":[{"count":2,"href":"https:\/\/tus.smaco.de\/index.php?rest_route=\/wp\/v2\/posts\/6\/revisions"}],"predecessor-version":[{"id":922,"href":"https:\/\/tus.smaco.de\/index.php?rest_route=\/wp\/v2\/posts\/6\/revisions\/922"}],"wp:attachment":[{"href":"https:\/\/tus.smaco.de\/index.php?rest_route=%2Fwp%2Fv2%2Fmedia&parent=6"}],"wp:term":[{"taxonomy":"category","embeddable":true,"href":"https:\/\/tus.smaco.de\/index.php?rest_route=%2Fwp%2Fv2%2Fcategories&post=6"},{"taxonomy":"post_tag","embeddable":true,"href":"https:\/\/tus.smaco.de\/index.php?rest_route=%2Fwp%2Fv2%2Ftags&post=6"}],"curies":[{"name":"wp","href":"https:\/\/api.w.org\/{rel}","templated":true}]}}