{"id":51,"date":"2016-09-03T10:11:49","date_gmt":"2016-09-03T10:11:49","guid":{"rendered":"https:\/\/tus.smaco.de\/?p=51"},"modified":"2016-09-03T10:11:49","modified_gmt":"2016-09-03T10:11:49","slug":"9-bis-11-9-2016-freundschaftsturnier-der-ortsvereine-und-freunde-der-ah","status":"publish","type":"post","link":"https:\/\/tus.smaco.de\/?p=51","title":{"rendered":"9. bis 11.9.2016: Freundschaftsturnier der Ortsvereine und Freunde der AH"},"content":{"rendered":"<p style=\"line-height: 130%;\"><span style=\"font-family: 'Arial','sans-serif';\">Bald ist es wieder so weit: Drei Tage lang regiert K\u00f6nig Fu\u00dfball, wenn sich vom 9. bis 11.9.2016 auf dem Achim-St\u00f6ver-Sportplatz die \u201eBierk\u00f6nige\u201c mit den \u201eTuS Tussen\u201c messen, jung gebliebene alte Herren dem runden Leder hinterher jagen und die dynamischen \u201eKickerzzz\u201c auf das Team der \u201eR\u00f6b7\u201c treffen. F\u00fcr die kleinen Zuschauer steht zudem eine H\u00fcpfburg bereit. Und hoffentlich beehrt auch B\u00fcrgermeister Mario Loskill wie schon in den letzten Jahren das Turnier.<\/span><\/p>\n<p style=\"line-height: 130%;\"><strong><span style=\"font-family: 'Arial','sans-serif';\">Termine, Termine, Termine<\/span><\/strong><\/p>\n<p style=\"line-height: 130%;\"><span style=\"font-family: 'Arial','sans-serif';\">Mittlerweile stehen die Termine des traditionellen Turniers der Ortsvereine und Freunde der Alten Herren des TuS fest. Am Freitag (9.9.) findet ab 18 Uhr ein AH-Kurzturnier statt, bevor es zum gem\u00fctlichen Teil des Abends \u00fcbergeht. Am Samstag und Sonntag (10.9. und 11.9.) treten jeweils ab ca. 12.30 Uhr in einer Amateur- und in einer Profiklasse Hobby- und Freizeitmannschaften gegeneinander an.<\/span><\/p>\n<p style=\"line-height: 130%;\"><span style=\"font-family: 'Arial','sans-serif';\">Am Sonntag k\u00f6nnen die Zuschauer das Spiel der 1. Seniorenmannschaft verfolgen \u2013 der TuS empf\u00e4ngt dann das Team aus Allner-B\u00f6dingen.<\/span><\/p>\n<p style=\"line-height: 130%;\"><strong><span style=\"font-family: 'Arial','sans-serif';\">Gro\u00dfe Verlosung<\/span><\/strong><\/p>\n<p style=\"line-height: 130%;\"><span style=\"font-family: 'Arial','sans-serif';\">Bei der Verlosung am Sonntag gibt es ab 18 Uhr wertvolle Preise zu gewinnen. Der erste Preisgewinner darf stolze 800 Euro mit nach Hause nehmen. An allen drei Turniertagen ist im Peter-Fedder-Vereinsheim mit W\u00fcrstchen, Fritten, Gyros, Kuchen und Eis sowie erfrischenden Getr\u00e4nken f\u00fcr das leibliche Wohl der Zuschauerinnen und Zuschauer gesorgt.<\/span><\/p>\n<p style=\"line-height: 130%;\"><span style=\"font-family: 'Arial','sans-serif';\">Die AH freuen sich darauf, Sie auf dem Achim-St\u00f6ver-Sportplatz begr\u00fc\u00dfen zu d\u00fcrfen.<\/span><\/p>\n","protected":false},"excerpt":{"rendered":"<p>Bald ist es wieder so weit: Drei Tage lang regiert K\u00f6nig Fu\u00dfball, wenn sich vom 9. bis 11.9.2016 auf dem Achim-St\u00f6ver-Sportplatz die \u201eBierk\u00f6nige\u201c mit den \u201eTuS Tussen\u201c messen, jung gebliebene alte Herren dem runden Leder hinterher jagen und die dynamischen \u201eKickerzzz\u201c auf das Team der \u201eR\u00f6b7\u201c treffen. F\u00fcr die kleinen [&hellip;]<\/p>\n","protected":false},"author":1,"featured_media":0,"comment_status":"open","ping_status":"open","sticky":false,"template":"","format":"standard","meta":{"footnotes":""},"categories":[28],"tags":[],"class_list":["post-51","post","type-post","status-publish","format-standard","hentry","category-alteherren"],"_links":{"self":[{"href":"https:\/\/tus.smaco.de\/index.php?rest_route=\/wp\/v2\/posts\/51","targetHints":{"allow":["GET"]}}],"collection":[{"href":"https:\/\/tus.smaco.de\/index.php?rest_route=\/wp\/v2\/posts"}],"about":[{"href":"https:\/\/tus.smaco.de\/index.php?rest_route=\/wp\/v2\/types\/post"}],"author":[{"embeddable":true,"href":"https:\/\/tus.smaco.de\/index.php?rest_route=\/wp\/v2\/users\/1"}],"replies":[{"embeddable":true,"href":"https:\/\/tus.smaco.de\/index.php?rest_route=%2Fwp%2Fv2%2Fcomments&post=51"}],"version-history":[{"count":0,"href":"https:\/\/tus.smaco.de\/index.php?rest_route=\/wp\/v2\/posts\/51\/revisions"}],"wp:attachment":[{"href":"https:\/\/tus.smaco.de\/index.php?rest_route=%2Fwp%2Fv2%2Fmedia&parent=51"}],"wp:term":[{"taxonomy":"category","embeddable":true,"href":"https:\/\/tus.smaco.de\/index.php?rest_route=%2Fwp%2Fv2%2Fcategories&post=51"},{"taxonomy":"post_tag","embeddable":true,"href":"https:\/\/tus.smaco.de\/index.php?rest_route=%2Fwp%2Fv2%2Ftags&post=51"}],"curies":[{"name":"wp","href":"https:\/\/api.w.org\/{rel}","templated":true}]}}