{"id":5,"date":"2015-12-10T14:37:24","date_gmt":"2015-12-10T14:37:24","guid":{"rendered":"https:\/\/tus.smaco.de\/?p=5"},"modified":"2025-04-01T09:02:51","modified_gmt":"2025-04-01T09:02:51","slug":"triathlonkinder-mit-weiteren-erfolgen","status":"publish","type":"post","link":"https:\/\/tus.smaco.de\/?p=5","title":{"rendered":"Triathlonkinder mit weiteren Erfolgen"},"content":{"rendered":"<p><span class=\"content\">.. ein weiteres Event f\u00fcr den Nachwuchs in Hennef!<\/p>\n<p> Zum zweiten Mal nahmen Kinder des TuS Winterscheid am Europalauf in Hennef teil. F\u00fcr die jungen Sportler war auch dies ein gro\u00dfes und aufregendes Ereignis.<br \/> Die Kinder absolvierten in diesem Jahr, gemeinsam in einem Lauf, die Strecke von einem Kilometer und f\u00fcnfzig Meter.<br \/> F\u00fcr alle Kinder war es die erste Laufveranstaltung, bei dem die Eltern nur als Zaung\u00e4ste anwesend waren und kein Elternteil auf der Laufstrecke mitlief.<br \/> \u00a0<br \/> <\/span><\/p>\n<p align=\"justify\"><span class=\"content\">\u00a0<\/span><\/p>\n<div align=\"justify\"><span class=\"content\">Bei diesem Lauf stand das miteinander Erleben im Vordergrund und so kam es auch das die kleinen &#8222;Damen&#8220; nicht den Wettkampf, sondern die Kommunikation auf der Laufstrecke in den Vordergrund stellten.<br \/> Der gemeinsame Zieleinlauf war somit gesichert.<\/p>\n<p> Alle Kinder waren nach dem Erreichen des Ziels erst einmal ersch\u00f6pft, aber gl\u00fccklich \u00fcber das geleistete. Wie zu erwarten, dauerte die Erholung recht kurz und schon konnte \u00fcber das eben Erlebte gesprochen werden und verdient mit gro\u00dfem Stolz die Teilnehmermedaille in Empfang genommen werden.<\/p>\n<p> Schon kurz nach dem Lauf steht f\u00fcr die Kinder fest, das war nicht das letzte Mal. Auch den Eltern wurde von den Kindern erkl\u00e4rt, dass 2016 nicht mehr ein Kilometer auf dem Plan steht sondern der l\u00e4ngere Familienlauf von 3,4 km, daf\u00fcr aber zusammen mit den Eltern.<\/p>\n<p> F\u00fcr interessierte Eltern kann ab Januar mit dem TuS Winterscheid besprochen werden, wie ein solcher Tag ablaufen kann, denn alle organisatorischen Vorbereitungen werden im Vorfeld \u00fcbernommen und entsprechende Fragen gerne beantwortet.<\/p>\n<p><\/span><\/p>\n<p><span class=\"content\"<\/span><\/p>\n<p><span class=\"content\">Nach dem Lauf stehen wir auch schon wieder mit dem Organisator in Verbindung um auch die Winterscheider Grundschulkinder in die Schulwertungen mit aufnehmen zu k\u00f6nnen.<\/p>\n<p> Dieses Jahr waren Max und Nela Weiher, Julia Hermeier und Mia Utscheid an der Startlinie, n\u00e4chstes Jahr werden es sicher wieder einige mehr sein, die ein solches sch\u00f6nes Erlebnis nicht verpassen wollen.<br \/> F\u00fcr die Kinder ist dies ein besonderes Erlebnis, dass nicht allein einen Wettkampf darstellt, sondern vielmehr ein individuelles Erfolgserlebnis. Sei es die Strecke bew\u00e4ltigt zu haben, den Mut &#8222;allein&#8220; etwas geschafft zu haben oder einfach etwas aussergew\u00f6hnliches zu machen. Auf diesem Breitensportgedanken sollen den Kindern weitere Erlebnisse erm\u00f6glicht werden.<br \/><\/span><\/div>\n<p align=\"justify\"><span class=\"content\">\u00a0<\/span><\/p>\n","protected":false},"excerpt":{"rendered":"<p>.. ein weiteres Event f\u00fcr den Nachwuchs in Hennef! Zum zweiten Mal nahmen Kinder des TuS Winterscheid am Europalauf in Hennef teil. F\u00fcr die jungen Sportler war auch dies ein gro\u00dfes und aufregendes Ereignis. Die Kinder absolvierten in diesem Jahr, gemeinsam in einem Lauf, die Strecke von einem Kilometer und [&hellip;]<\/p>\n","protected":false},"author":1,"featured_media":0,"comment_status":"open","ping_status":"open","sticky":false,"template":"","format":"standard","meta":{"footnotes":""},"categories":[3],"tags":[],"class_list":["post-5","post","type-post","status-publish","format-standard","hentry","category-tuswinterscheid"],"_links":{"self":[{"href":"https:\/\/tus.smaco.de\/index.php?rest_route=\/wp\/v2\/posts\/5","targetHints":{"allow":["GET"]}}],"collection":[{"href":"https:\/\/tus.smaco.de\/index.php?rest_route=\/wp\/v2\/posts"}],"about":[{"href":"https:\/\/tus.smaco.de\/index.php?rest_route=\/wp\/v2\/types\/post"}],"author":[{"embeddable":true,"href":"https:\/\/tus.smaco.de\/index.php?rest_route=\/wp\/v2\/users\/1"}],"replies":[{"embeddable":true,"href":"https:\/\/tus.smaco.de\/index.php?rest_route=%2Fwp%2Fv2%2Fcomments&post=5"}],"version-history":[{"count":1,"href":"https:\/\/tus.smaco.de\/index.php?rest_route=\/wp\/v2\/posts\/5\/revisions"}],"predecessor-version":[{"id":923,"href":"https:\/\/tus.smaco.de\/index.php?rest_route=\/wp\/v2\/posts\/5\/revisions\/923"}],"wp:attachment":[{"href":"https:\/\/tus.smaco.de\/index.php?rest_route=%2Fwp%2Fv2%2Fmedia&parent=5"}],"wp:term":[{"taxonomy":"category","embeddable":true,"href":"https:\/\/tus.smaco.de\/index.php?rest_route=%2Fwp%2Fv2%2Fcategories&post=5"},{"taxonomy":"post_tag","embeddable":true,"href":"https:\/\/tus.smaco.de\/index.php?rest_route=%2Fwp%2Fv2%2Ftags&post=5"}],"curies":[{"name":"wp","href":"https:\/\/api.w.org\/{rel}","templated":true}]}}