{"id":48,"date":"2016-08-21T18:45:43","date_gmt":"2016-08-21T18:45:43","guid":{"rendered":"https:\/\/tus.smaco.de\/?p=48"},"modified":"2016-08-21T18:45:43","modified_gmt":"2016-08-21T18:45:43","slug":"40-jahre-herrenturnen","status":"publish","type":"post","link":"https:\/\/tus.smaco.de\/?p=48","title":{"rendered":"40 Jahre Herrenturnen"},"content":{"rendered":"<p><span style=\"font-size: 9pt; font-family: Verdana; color: black;\">&#8222;Eine kleine Gruppe von 20 M\u00e4nnern zwischen 29 und 64 Jahren entdeckt jeden Donnerstag das Kind im Manne &#8211; spielt, tobt, schwitzt, freut sich beim Mannschaftskampf \u00fcber einen Sieg, \u00e4rgert sich \u00fcber eine Niederlage- und ist gl\u00fccklich. Diese kleine, aber aktive Abteilung des TuS begeht jetzt, im Jahre 1986, ihr 10-j\u00e4hriges Bestehen ohne Aufsehen, aber selbstbewu\u00dft in der \u00dcberzeugung, da\u00df dieser &#8222;Haufen&#8220; aus der TuS-Geschichte nicht mehr wegzudenken ist.&#8220;<\/span><\/p>\n<p>So steht es als Vorwort in der Festschrift von 1986. Was damals stimmte, stimmt heute, nach 40&nbsp;Jahren des Bestehens um so mehr. Unsere sportlichen Aktivit\u00e4ten werden konsequent nach Bed\u00fcrfnis und M\u00f6glichkeiten des Einzelnen praktiziert. Gymnastik f\u00fcr Lockerung, Bewegungsentfaltung und K\u00f6rperdynamik sind f\u00fcr uns \u00fcberaus wichtig. Unser Mannschaftssport ist der Prellball geworden. Hierbei wird jeder nach seinen M\u00f6glichkeiten k\u00f6rperlich gefordert; da wird das Kind im Manne geweckt.<\/p>\n<p><span style=\"font-size: 9pt; font-family: Verdana; color: black;\">Es macht Freude, Emotionen werden freigesetzt und unsere Gruppe hat sich zu einer Gemeinschaft von Freunden entwickelt.<\/span><\/p>\n<p><span style=\"font-size: 9pt; font-family: Verdana; color: black;\">Aus der Gr\u00fcndungszeit von 1976 haben wir noch einen Aktiven in unseren Reihen; unseren Sportfreund Hans-J\u00fcrgen Hermeier. Seiner Anregung dieses 40-j\u00e4hrige Jubil\u00e4um mit unseren &#8222;Altaktiven&#8220; bei einer gemeinschaftlichen Feier zu begehen sind wir gerne gefolgt &#8211; und auch die &#8222;Altaktiven&#8220; waren angetan und sind in gro\u00dfer Zahl der Einladung gefolgt. Sogar aus Unterfranken kam unser Urgestein Ansgar Barth angereist und aus Portugal erreichte uns ein Gru\u00df von &#8222;Siggi&#8220; Kollmann.<\/span><\/p>\n<p><strong><span style=\"font-size: 9pt; font-family: Verdana; color: black;\">Bei Speis und Trank und guter Laune wurde am 26. Juli im Peter Fedder Sportlerheim gefeiert. Es gab viel zu erz\u00e4hlen und viele Begebenheiten von damals und heute wurden ausgetauscht.<\/span><\/strong><\/p>\n<p><strong><span style=\"font-size: 9pt; font-family: Verdana; color: black;\">Der Gr\u00fcndungsinitiator Dieter Schmitz hat dabei best\u00e4tigt, da\u00df der Gedanke f\u00fcr die Gr\u00fcndung unserer Gruppe ihm an der Theke im Gespr\u00e4ch mit anderen sp\u00e4teren Mitsportlern gekommen ist. Da kann man sehen, wie wichtig Thekengespr\u00e4che seinen k\u00f6nnen.<\/span><\/strong><\/p>\n","protected":false},"excerpt":{"rendered":"<p>&#8222;Eine kleine Gruppe von 20 M\u00e4nnern zwischen 29 und 64 Jahren entdeckt jeden Donnerstag das Kind im Manne &#8211; spielt, tobt, schwitzt, freut sich beim Mannschaftskampf \u00fcber einen Sieg, \u00e4rgert sich \u00fcber eine Niederlage- und ist gl\u00fccklich. Diese kleine, aber aktive Abteilung des TuS begeht jetzt, im Jahre 1986, ihr [&hellip;]<\/p>\n","protected":false},"author":1,"featured_media":0,"comment_status":"open","ping_status":"open","sticky":false,"template":"","format":"standard","meta":{"footnotes":""},"categories":[3],"tags":[],"class_list":["post-48","post","type-post","status-publish","format-standard","hentry","category-tuswinterscheid"],"_links":{"self":[{"href":"https:\/\/tus.smaco.de\/index.php?rest_route=\/wp\/v2\/posts\/48","targetHints":{"allow":["GET"]}}],"collection":[{"href":"https:\/\/tus.smaco.de\/index.php?rest_route=\/wp\/v2\/posts"}],"about":[{"href":"https:\/\/tus.smaco.de\/index.php?rest_route=\/wp\/v2\/types\/post"}],"author":[{"embeddable":true,"href":"https:\/\/tus.smaco.de\/index.php?rest_route=\/wp\/v2\/users\/1"}],"replies":[{"embeddable":true,"href":"https:\/\/tus.smaco.de\/index.php?rest_route=%2Fwp%2Fv2%2Fcomments&post=48"}],"version-history":[{"count":0,"href":"https:\/\/tus.smaco.de\/index.php?rest_route=\/wp\/v2\/posts\/48\/revisions"}],"wp:attachment":[{"href":"https:\/\/tus.smaco.de\/index.php?rest_route=%2Fwp%2Fv2%2Fmedia&parent=48"}],"wp:term":[{"taxonomy":"category","embeddable":true,"href":"https:\/\/tus.smaco.de\/index.php?rest_route=%2Fwp%2Fv2%2Fcategories&post=48"},{"taxonomy":"post_tag","embeddable":true,"href":"https:\/\/tus.smaco.de\/index.php?rest_route=%2Fwp%2Fv2%2Ftags&post=48"}],"curies":[{"name":"wp","href":"https:\/\/api.w.org\/{rel}","templated":true}]}}