{"id":47,"date":"2016-08-17T10:53:06","date_gmt":"2016-08-17T10:53:06","guid":{"rendered":"https:\/\/tus.smaco.de\/?p=47"},"modified":"2016-08-17T10:53:06","modified_gmt":"2016-08-17T10:53:06","slug":"rollstuhltischtennis-deutschland-pokal-2016-2017","status":"publish","type":"post","link":"https:\/\/tus.smaco.de\/?p=47","title":{"rendered":"Rollstuhltischtennis-Deutschland-Pokal 2016\/2017"},"content":{"rendered":"<p>Die neue Saison des RTT-Deutschland-Pokalwettbewerbs, der auf seiner Reise quer durch Deutschland f\u00fchrt,<\/p>\n<p>beginnt am 27.08.2016 zum Saisonauftakt in K\u00f6ln.<\/p>\n<p>Alle Rollstuhlspielerspieler mit Spielerlizenz f\u00fcr den TuS Winterscheid sind f\u00fcr das Turnier in K\u00f6ln gemeldet.<\/p>\n<p>Die Starterliste enth\u00e4lt auch viele Spieler aus dem Ausland, da die DP-Serie internationale Beteiligung zul\u00e4sst.<\/p>\n<p>So treten Spielerinnen und Spieler aus den Niederlanden, Italien, Schweiz, \u00d6sterreich und S\u00fcd-Korea an.<\/p>\n<p>Mit dabei ist nat\u00fcrlich auch unsere deutsche Meisterin im Damendoppel und deutsche Jugendmeisterin Lisa Hentig.<\/p>\n<p>Daneben treten Janina Sommer, R\u00fcdiger Hahn, Oliver Siegmund, Mathias Viebranz, Mohamed Glous (letztj\u00e4hriger<\/p>\n<p>DP-Gewinner, Klasse N) und Albert Solbach (zweifach DP-Sieger) an.<\/p>\n","protected":false},"excerpt":{"rendered":"<p>Die neue Saison des RTT-Deutschland-Pokalwettbewerbs, der auf seiner Reise quer durch Deutschland f\u00fchrt, beginnt am 27.08.2016 zum Saisonauftakt in K\u00f6ln. Alle Rollstuhlspielerspieler mit Spielerlizenz f\u00fcr den TuS Winterscheid sind f\u00fcr das Turnier in K\u00f6ln gemeldet. Die Starterliste enth\u00e4lt auch viele Spieler aus dem Ausland, da die DP-Serie internationale Beteiligung zul\u00e4sst. [&hellip;]<\/p>\n","protected":false},"author":1,"featured_media":0,"comment_status":"open","ping_status":"open","sticky":false,"template":"","format":"standard","meta":{"footnotes":""},"categories":[17],"tags":[],"class_list":["post-47","post","type-post","status-publish","format-standard","hentry","category-tischtennis"],"_links":{"self":[{"href":"https:\/\/tus.smaco.de\/index.php?rest_route=\/wp\/v2\/posts\/47","targetHints":{"allow":["GET"]}}],"collection":[{"href":"https:\/\/tus.smaco.de\/index.php?rest_route=\/wp\/v2\/posts"}],"about":[{"href":"https:\/\/tus.smaco.de\/index.php?rest_route=\/wp\/v2\/types\/post"}],"author":[{"embeddable":true,"href":"https:\/\/tus.smaco.de\/index.php?rest_route=\/wp\/v2\/users\/1"}],"replies":[{"embeddable":true,"href":"https:\/\/tus.smaco.de\/index.php?rest_route=%2Fwp%2Fv2%2Fcomments&post=47"}],"version-history":[{"count":0,"href":"https:\/\/tus.smaco.de\/index.php?rest_route=\/wp\/v2\/posts\/47\/revisions"}],"wp:attachment":[{"href":"https:\/\/tus.smaco.de\/index.php?rest_route=%2Fwp%2Fv2%2Fmedia&parent=47"}],"wp:term":[{"taxonomy":"category","embeddable":true,"href":"https:\/\/tus.smaco.de\/index.php?rest_route=%2Fwp%2Fv2%2Fcategories&post=47"},{"taxonomy":"post_tag","embeddable":true,"href":"https:\/\/tus.smaco.de\/index.php?rest_route=%2Fwp%2Fv2%2Ftags&post=47"}],"curies":[{"name":"wp","href":"https:\/\/api.w.org\/{rel}","templated":true}]}}