{"id":46,"date":"2016-08-05T15:14:44","date_gmt":"2016-08-05T15:14:44","guid":{"rendered":"https:\/\/tus.smaco.de\/?p=46"},"modified":"2016-08-05T15:14:44","modified_gmt":"2016-08-05T15:14:44","slug":"alte-herren-gewinnen-mit-weltauswahl-traditionsturnier-in-eitorf-harmonie","status":"publish","type":"post","link":"https:\/\/tus.smaco.de\/?p=46","title":{"rendered":"Alte Herren gewinnen mit \u201eWeltauswahl\u201c Traditionsturnier in Eitorf-Harmonie"},"content":{"rendered":"<p style=\"line-height: 130%;\"><span style=\"font-family: 'Arial','sans-serif';\">Die Alten Herren des TuS Winterscheid stehen (auch) f\u00fcr Offenheit, Toleranz \u2013 und sportlichen Erfolg. Mit einer internationalen Auswahl aus TuS-Kickern und Fl\u00fcchtlingen, die sich in Winterscheid eine neue Existenz aufbauen und bereits seit L\u00e4ngerem am Trainingsbetrieb der AH teilnehmen, konnte der TuS den Turniersieg in Eitorf-Harmonie erringen.<\/span><\/p>\n<p>&nbsp;<\/p>\n<p>&nbsp;<\/p>\n<p style=\"line-height: 130%;\"><strong><span style=\"font-family: 'Arial','sans-serif';\">Sieg im \u201eBernabeo-Stadion\u201c<\/span><\/strong><\/p>\n<p style=\"line-height: 130%;\"><span style=\"font-family: 'Arial','sans-serif';\">Gemeinsam mit bew\u00e4hrten TuS-Oldies liefen Salim Naail, Thabet Alubadi und Bilal Zidano im \u201eBernabeo-Stadion\u201c auf, wo zum 32. Mal das vom 1. FC Lokomotive Hildebrandt professionell organisierte Fu\u00dfballturnier stattfand. Bei dem Modus \u201eJeder gegen Jeden\u201c setzten sich die Winterscheider mit ihrer Weltauswahl nach spannenden und hochklassigen Matches auf schwierig bespielbarem Untergrund durch und pr\u00e4sentierten danach als gl\u00fcckliche Sieger gleich zwei sehenswerte Pokale.<\/span><\/p>\n<p style=\"line-height: 130%;\"><strong><span style=\"font-family: 'Arial','sans-serif';\">Sport als Integrationskraft<\/span><\/strong><\/p>\n<p style=\"line-height: 130%;\"><span style=\"font-family: 'Arial','sans-serif';\">Nat\u00fcrlich stand die Freude \u00fcber den Turniersieg im Vordergrund. Begeistert zeigten sich die Zuschauer und alle Beteiligten aber auch \u00fcber den Beleg, dass der Fu\u00dfball \u00fcber eine gro\u00df- und einzigartige Integrationskraft verf\u00fcgt, die in Winterscheid, von den TuS-AH und den Kameraden aus den Fl\u00fcchtlingsgebieten gelebt wird.<\/span><\/p>\n<p style=\"line-height: 130%;\"><span style=\"font-family: 'Arial','sans-serif';\">Beim Sport zeigt sich, dass wir \u00fcber alle Grenzen hinweg vor allem Menschen sind, die sich im fairen Wettkampf gerne miteinander messen.<\/span><\/p>\n<p style=\"line-height: 130%;\"><span style=\"font-family: 'Arial','sans-serif';\">Darum wird es wohl auch so sein, dass die Kameraden aus den Fl\u00fcchtlingsgebieten auf dem diesj\u00e4hrigen <strong>Freundschaftsturnier der Ortsvereine und Freunde der Alten Herren Winterscheid, das vom 9. bis 11.09.2016 stattfindet<\/strong>, ein Team stellen werden.<\/span><\/p>\n<p style=\"line-height: 130%;\"><strong><span style=\"font-family: 'Arial','sans-serif';\">Das internationale Team<\/span><\/strong><\/p>\n<p style=\"line-height: 130%;\"><span style=\"font-family: 'Arial','sans-serif';\">Andreas Jelken, Salim Naail, Marcus Ludmann, Alexander Krey, Thabet Alubadi, Christian Axer, Bilal Zidano, Ingo Walterscheid und \u201eChef\u201c Uwe Ennenbach<\/span><\/p>\n","protected":false},"excerpt":{"rendered":"<p>Die Alten Herren des TuS Winterscheid stehen (auch) f\u00fcr Offenheit, Toleranz \u2013 und sportlichen Erfolg. Mit einer internationalen Auswahl aus TuS-Kickern und Fl\u00fcchtlingen, die sich in Winterscheid eine neue Existenz aufbauen und bereits seit L\u00e4ngerem am Trainingsbetrieb der AH teilnehmen, konnte der TuS den Turniersieg in Eitorf-Harmonie erringen. &nbsp; &nbsp; [&hellip;]<\/p>\n","protected":false},"author":1,"featured_media":0,"comment_status":"open","ping_status":"open","sticky":false,"template":"","format":"standard","meta":{"footnotes":""},"categories":[28],"tags":[],"class_list":["post-46","post","type-post","status-publish","format-standard","hentry","category-alteherren"],"_links":{"self":[{"href":"https:\/\/tus.smaco.de\/index.php?rest_route=\/wp\/v2\/posts\/46","targetHints":{"allow":["GET"]}}],"collection":[{"href":"https:\/\/tus.smaco.de\/index.php?rest_route=\/wp\/v2\/posts"}],"about":[{"href":"https:\/\/tus.smaco.de\/index.php?rest_route=\/wp\/v2\/types\/post"}],"author":[{"embeddable":true,"href":"https:\/\/tus.smaco.de\/index.php?rest_route=\/wp\/v2\/users\/1"}],"replies":[{"embeddable":true,"href":"https:\/\/tus.smaco.de\/index.php?rest_route=%2Fwp%2Fv2%2Fcomments&post=46"}],"version-history":[{"count":0,"href":"https:\/\/tus.smaco.de\/index.php?rest_route=\/wp\/v2\/posts\/46\/revisions"}],"wp:attachment":[{"href":"https:\/\/tus.smaco.de\/index.php?rest_route=%2Fwp%2Fv2%2Fmedia&parent=46"}],"wp:term":[{"taxonomy":"category","embeddable":true,"href":"https:\/\/tus.smaco.de\/index.php?rest_route=%2Fwp%2Fv2%2Fcategories&post=46"},{"taxonomy":"post_tag","embeddable":true,"href":"https:\/\/tus.smaco.de\/index.php?rest_route=%2Fwp%2Fv2%2Ftags&post=46"}],"curies":[{"name":"wp","href":"https:\/\/api.w.org\/{rel}","templated":true}]}}