{"id":45,"date":"2016-07-23T10:23:22","date_gmt":"2016-07-23T10:23:22","guid":{"rendered":"https:\/\/tus.smaco.de\/?p=45"},"modified":"2016-07-23T10:23:22","modified_gmt":"2016-07-23T10:23:22","slug":"9-bis-11-9-2016-fussball-ortsturnier-fuer-jung-und-alt-ein-dorf-im-fussballrausch","status":"publish","type":"post","link":"https:\/\/tus.smaco.de\/?p=45","title":{"rendered":"9. bis 11.9.2016: Fu\u00dfball-Ortsturnier f\u00fcr Jung und Alt \u2013 ein Dorf im Fu\u00dfballrausch"},"content":{"rendered":"<p style=\"line-height: 130%;\"><span style=\"font-family: 'Arial','sans-serif';\">Zum 32.ten Mal pr\u00e4sentieren die Alten Herren ein kunterbuntes Fu\u00dfballprogramm. F\u00fcr das Turnier, das vom 9. bis 11.9.2016 auf dem Achim-St\u00f6ver-Platz in Winterscheid stattfindet, haben sich die Veranstalter ein paar tolle Highlights ausgedacht. Im Mittelpunkt steht das \u201eFreundschaftsturnier der Ortsvereine und Freunde der AH\u201c.<\/span><\/p>\n<p style=\"line-height: 130%;\"><strong><span style=\"line-height: 130%; font-family: 'Arial','sans-serif';\">Winterscheider Amateure und Profis spielen Fu\u00dfball<\/span><\/strong><\/p>\n<p style=\"line-height: 130%;\"><span style=\"font-family: 'Arial','sans-serif';\">Das Fu\u00dfballfest startet am Freitag (9.9.) ab 18 Uhr mit einem Kleinfeldturnier, bei dem AH-Teams aus dem Rhein-Sieg-Kreis ihr fu\u00dfballerisches K\u00f6nnen aufblitzen lassen. H\u00f6hepunkt der festlichen Fu\u00dfballtage sind die Turniere der Ortsvereine und Freunde der AH: Hobby- und Freizeitmannschaften messen sich in einer Amateurliga und einer Profiliga. Die Spiele finden am 10.9. und 11.9. (Samstag und Sonntag) statt. Am Sonntag wird die Seniorenmannschaft des TuS wahrscheinlich ihr Meisterschaftsspiel in der Kreisliga B austragen.<\/span><\/p>\n<p style=\"line-height: 130%;\"><strong><span style=\"font-family: 'Arial','sans-serif';\">Gro\u00dfe Verlosung am Sonntag<\/span><\/strong><\/p>\n<p style=\"line-height: 130%;\"><span style=\"font-family: 'Arial','sans-serif';\">An den drei Festtagen sorgen die Damen und Herren und der AH daf\u00fcr, dass rund um das Peter-Fedder-Vereinsheim bei W\u00fcrstchen, Fritten, Gyros, Kuchen und eisgek\u00fchlten Getr\u00e4nken gefeiert werden kann. F\u00fcr die kleinen G\u00e4ste steht eine Abenteuer-H\u00fcpfburg bereit. Bei der gro\u00dfen Verlosung am Sonntag sind als erster Preis stolze 800 Euro ausgelobt. Als zweiter Preis winkt ein modernes TV-Ger\u00e4t, als dritter Preis ein hochwertiger Kaffeeautomat.<\/span><\/p>\n<p style=\"line-height: 130%;\"><span style=\"font-family: 'Arial','sans-serif';\">Merken Sie sich den Termin vor: 9. bis 11.9.2016 in Winterscheid.<\/span><\/p>\n","protected":false},"excerpt":{"rendered":"<p>Zum 32.ten Mal pr\u00e4sentieren die Alten Herren ein kunterbuntes Fu\u00dfballprogramm. F\u00fcr das Turnier, das vom 9. bis 11.9.2016 auf dem Achim-St\u00f6ver-Platz in Winterscheid stattfindet, haben sich die Veranstalter ein paar tolle Highlights ausgedacht. Im Mittelpunkt steht das \u201eFreundschaftsturnier der Ortsvereine und Freunde der AH\u201c. Winterscheider Amateure und Profis spielen Fu\u00dfball [&hellip;]<\/p>\n","protected":false},"author":1,"featured_media":0,"comment_status":"open","ping_status":"open","sticky":false,"template":"","format":"standard","meta":{"footnotes":""},"categories":[28],"tags":[],"class_list":["post-45","post","type-post","status-publish","format-standard","hentry","category-alteherren"],"_links":{"self":[{"href":"https:\/\/tus.smaco.de\/index.php?rest_route=\/wp\/v2\/posts\/45","targetHints":{"allow":["GET"]}}],"collection":[{"href":"https:\/\/tus.smaco.de\/index.php?rest_route=\/wp\/v2\/posts"}],"about":[{"href":"https:\/\/tus.smaco.de\/index.php?rest_route=\/wp\/v2\/types\/post"}],"author":[{"embeddable":true,"href":"https:\/\/tus.smaco.de\/index.php?rest_route=\/wp\/v2\/users\/1"}],"replies":[{"embeddable":true,"href":"https:\/\/tus.smaco.de\/index.php?rest_route=%2Fwp%2Fv2%2Fcomments&post=45"}],"version-history":[{"count":0,"href":"https:\/\/tus.smaco.de\/index.php?rest_route=\/wp\/v2\/posts\/45\/revisions"}],"wp:attachment":[{"href":"https:\/\/tus.smaco.de\/index.php?rest_route=%2Fwp%2Fv2%2Fmedia&parent=45"}],"wp:term":[{"taxonomy":"category","embeddable":true,"href":"https:\/\/tus.smaco.de\/index.php?rest_route=%2Fwp%2Fv2%2Fcategories&post=45"},{"taxonomy":"post_tag","embeddable":true,"href":"https:\/\/tus.smaco.de\/index.php?rest_route=%2Fwp%2Fv2%2Ftags&post=45"}],"curies":[{"name":"wp","href":"https:\/\/api.w.org\/{rel}","templated":true}]}}