{"id":42,"date":"2016-07-13T09:08:14","date_gmt":"2016-07-13T09:08:14","guid":{"rendered":"https:\/\/tus.smaco.de\/?p=42"},"modified":"2016-07-13T09:08:14","modified_gmt":"2016-07-13T09:08:14","slug":"informationsveranstaltung-risikofaktoren-von-schlaganfaellen","status":"publish","type":"post","link":"https:\/\/tus.smaco.de\/?p=42","title":{"rendered":"Informationsveranstaltung Risikofaktoren von Schlaganf\u00e4llen"},"content":{"rendered":"<p><span style=\"font-size: 10pt; font-family: 'Arial',sans-serif;\">Da \u00fcber dieses Thema unserer Meinung nach viel zu wenig gesprochen wird, m\u00f6chten wir nun zum Gespr\u00e4ch anregen.<\/span><br \/> <span style=\"font-size: 10pt; font-family: 'Arial',sans-serif;\"><span>Informieren Sie sich \u00fcber die Risikofaktoren von Schlaganf\u00e4llen und die M\u00f6glichkeiten der Schlaganfall Pr\u00e4vention!<\/span><\/span><br \/> <span style=\"font-size: 10pt; font-family: 'Arial',sans-serif;\"><span>Dazu laden wir Sie herzlich ein am 26.08.2016 um 18 Uhr an dem Vortrag von Martin H. Herpertz in der Grundschule in Winterscheid teilzunehmen.<\/span><\/span><br \/> <span style=\"font-size: 10pt; font-family: 'Arial',sans-serif;\"><span>Martin H. Herpertz ist Facharzt f\u00fcr Neurologie, Psychosomatische Grundversorgung und Verkehrsmedizin an der Siegreha Hennef und gibt Ihnen an diesem Abend wichtige Informationen und Antworten <\/span><span>auf Ihre Fragen.<\/span><\/span><br \/> <span style=\"font-size: 10pt; font-family: 'Arial',sans-serif;\"><span><span>W<\/span><span>ir bitten um Anmeldung zu dieser Veranstaltung bei Ann-Kathrin Br\u00e4unig <\/span><br \/> <span>(<\/span><a href=\"mailto:sponsoring@tus-winterscheid.de\"><span>sponsoring@tus-winterscheid.de<\/span><\/a><span>, 01775926680)<\/span><\/span><\/span><\/p>\n<p style=\"text-align: left;\"><span style=\"font-family: arial,helvetica,sans-serif; font-size: 10pt;\"><br \/><\/span><span style=\"font-family: arial,helvetica,sans-serif; font-size: 10pt;\"><span style=\"line-height: 125%;\"><\/span><\/span><\/p>\n","protected":false},"excerpt":{"rendered":"<p>Da \u00fcber dieses Thema unserer Meinung nach viel zu wenig gesprochen wird, m\u00f6chten wir nun zum Gespr\u00e4ch anregen. Informieren Sie sich \u00fcber die Risikofaktoren von Schlaganf\u00e4llen und die M\u00f6glichkeiten der Schlaganfall Pr\u00e4vention! Dazu laden wir Sie herzlich ein am 26.08.2016 um 18 Uhr an dem Vortrag von Martin H. Herpertz [&hellip;]<\/p>\n","protected":false},"author":1,"featured_media":0,"comment_status":"open","ping_status":"open","sticky":false,"template":"","format":"standard","meta":{"footnotes":""},"categories":[3],"tags":[],"class_list":["post-42","post","type-post","status-publish","format-standard","hentry","category-tuswinterscheid"],"_links":{"self":[{"href":"https:\/\/tus.smaco.de\/index.php?rest_route=\/wp\/v2\/posts\/42","targetHints":{"allow":["GET"]}}],"collection":[{"href":"https:\/\/tus.smaco.de\/index.php?rest_route=\/wp\/v2\/posts"}],"about":[{"href":"https:\/\/tus.smaco.de\/index.php?rest_route=\/wp\/v2\/types\/post"}],"author":[{"embeddable":true,"href":"https:\/\/tus.smaco.de\/index.php?rest_route=\/wp\/v2\/users\/1"}],"replies":[{"embeddable":true,"href":"https:\/\/tus.smaco.de\/index.php?rest_route=%2Fwp%2Fv2%2Fcomments&post=42"}],"version-history":[{"count":0,"href":"https:\/\/tus.smaco.de\/index.php?rest_route=\/wp\/v2\/posts\/42\/revisions"}],"wp:attachment":[{"href":"https:\/\/tus.smaco.de\/index.php?rest_route=%2Fwp%2Fv2%2Fmedia&parent=42"}],"wp:term":[{"taxonomy":"category","embeddable":true,"href":"https:\/\/tus.smaco.de\/index.php?rest_route=%2Fwp%2Fv2%2Fcategories&post=42"},{"taxonomy":"post_tag","embeddable":true,"href":"https:\/\/tus.smaco.de\/index.php?rest_route=%2Fwp%2Fv2%2Ftags&post=42"}],"curies":[{"name":"wp","href":"https:\/\/api.w.org\/{rel}","templated":true}]}}