{"id":38,"date":"2016-06-02T14:49:24","date_gmt":"2016-06-02T14:49:24","guid":{"rendered":"https:\/\/tus.smaco.de\/?p=38"},"modified":"2016-06-02T14:49:24","modified_gmt":"2016-06-02T14:49:24","slug":"alte-herren-toller-fuenfter-platz-beim-bsc-nur-vom-turnierersten-besiegt","status":"publish","type":"post","link":"https:\/\/tus.smaco.de\/?p=38","title":{"rendered":"Toller f\u00fcnfter Platz beim BSC \u2013 nur vom Turnierersten besiegt"},"content":{"rendered":"<p style=\"line-height: 130%;\"><span style=\"font-family: 'Arial','sans-serif';\">Bei bestem Alte-Herren-Wetter \u2013 nicht zu hei\u00df, nicht zu k\u00fchl \u2013 erspielten sich die TuS-Oldies trotz einiger Verletzungssorgen den f\u00fcnften Platz. Im Platzierungsspiel bezwang der TuS das Veranstalter-Team im Sieben-Meter-Schie\u00dfen mit 3-1.<\/span><\/p>\n<p style=\"line-height: 130%;\"><strong><span style=\"font-family: 'Arial','sans-serif';\">Holpriger Auftakt<\/span><\/strong><\/p>\n<p style=\"line-height: 130%;\"><span style=\"font-family: 'Arial','sans-serif';\">Zum Gl\u00fcck f\u00fcr die aktiven AH, die dem runden Leder hinterher jagten, gab es kluge Tipps von der (Tor)Seitenline aus. Denn die angeschlagenen Spieler und einige der Zuschauer lie\u00dfen es sich nicht nehmen, mit ihrem theoretischen Fu\u00dfball-Wissen zu gl\u00e4nzen. Im ersten Match, das gegen den sp\u00e4teren souver\u00e4nen Turniersieger des SV H\u00f6he mit 0-2 verloren ging, funktionierte die Umsetzung allerdings nur bedingt.<\/span><\/p>\n<p style=\"line-height: 130%;\"><strong><span style=\"font-family: 'Arial','sans-serif';\">Sehenswerte Steigerung<\/span><\/strong><\/p>\n<p style=\"line-height: 130%;\"><span style=\"font-family: 'Arial','sans-serif';\">Aber beim 1-0 gegen Germania Windeck \u2013 Torsch\u00fctze war Daniel Rump \u2013 und dem 0-0 gegen den TSV Much \u00fcberzeugte der TuS, wenngleich den Mannen um Torwart-Katze Andreas Jelken gegen Much auch das Gl\u00fcck des T\u00fcchtigen zur Seite stand: Der Gegner traf dreimal den Pfosten.<\/span><\/p>\n<p style=\"line-height: 130%;\"><strong><span style=\"font-family: 'Arial','sans-serif';\">Sichere Sch\u00fctzen vom runden Punkt aus<\/span><\/strong><\/p>\n<p style=\"line-height: 130%;\"><span style=\"font-family: 'Arial','sans-serif';\">Eine starke Leistung gab es im Spiel um Platz 5 gegen den ewigen Reviernachbarn: Gegen den Br\u00f6ltaler SC bot Andreas sein ganzes K\u00f6nnen auf, aber auch der TuS hatte Chancen, die Auseinandersetzung in der normalen Spielzeit zu entscheiden.<\/span><\/p>\n<p style=\"line-height: 130%;\"><span style=\"font-family: 'Arial','sans-serif';\">So kam es zum Sieben-Meter-Krimi, der gar nicht so spannend verlief, weil Achim Remling, Alexander Krey und Daniel mehr als sicher verwandelten, der BSC aber am Pfosten scheiterte.<\/span><\/p>\n<p style=\"line-height: 130%;\"><span style=\"font-family: 'Arial','sans-serif';\">Der f\u00fcnfte Platz in dem gut besetzten Achter-Feld ist hoch einzusch\u00e4tzen, weil mit H\u00f6he und Much die Teams die ersten zwei Pl\u00e4tze erspielten, die in der Gruppenphase als TuS-Gegner gl\u00e4nzten. Schade nur, dass J\u00f6gi L\u00f6w im Tessin weilte und nicht in Sch\u00f6nenberg zugegen war, um seinen EM-Kader aufzubessern.<\/span><\/p>\n<p style=\"line-height: 130%;\"><strong><span style=\"font-family: 'Arial','sans-serif';\">Das Team<\/span><\/strong><\/p>\n<p style=\"line-height: 130%;\"><span style=\"font-family: 'Arial','sans-serif';\">Andreas Jelken, Detlef M\u00fcller, Uwe Ennenbach, Achim Remling, Alexander Krey, Christian Axer, Thomas Becker, Daniel Rump und Hans Fischer<\/span><\/p>\n","protected":false},"excerpt":{"rendered":"<p>Bei bestem Alte-Herren-Wetter \u2013 nicht zu hei\u00df, nicht zu k\u00fchl \u2013 erspielten sich die TuS-Oldies trotz einiger Verletzungssorgen den f\u00fcnften Platz. Im Platzierungsspiel bezwang der TuS das Veranstalter-Team im Sieben-Meter-Schie\u00dfen mit 3-1. Holpriger Auftakt Zum Gl\u00fcck f\u00fcr die aktiven AH, die dem runden Leder hinterher jagten, gab es kluge Tipps [&hellip;]<\/p>\n","protected":false},"author":1,"featured_media":0,"comment_status":"open","ping_status":"open","sticky":false,"template":"","format":"standard","meta":{"footnotes":""},"categories":[28],"tags":[],"class_list":["post-38","post","type-post","status-publish","format-standard","hentry","category-alteherren"],"_links":{"self":[{"href":"https:\/\/tus.smaco.de\/index.php?rest_route=\/wp\/v2\/posts\/38","targetHints":{"allow":["GET"]}}],"collection":[{"href":"https:\/\/tus.smaco.de\/index.php?rest_route=\/wp\/v2\/posts"}],"about":[{"href":"https:\/\/tus.smaco.de\/index.php?rest_route=\/wp\/v2\/types\/post"}],"author":[{"embeddable":true,"href":"https:\/\/tus.smaco.de\/index.php?rest_route=\/wp\/v2\/users\/1"}],"replies":[{"embeddable":true,"href":"https:\/\/tus.smaco.de\/index.php?rest_route=%2Fwp%2Fv2%2Fcomments&post=38"}],"version-history":[{"count":0,"href":"https:\/\/tus.smaco.de\/index.php?rest_route=\/wp\/v2\/posts\/38\/revisions"}],"wp:attachment":[{"href":"https:\/\/tus.smaco.de\/index.php?rest_route=%2Fwp%2Fv2%2Fmedia&parent=38"}],"wp:term":[{"taxonomy":"category","embeddable":true,"href":"https:\/\/tus.smaco.de\/index.php?rest_route=%2Fwp%2Fv2%2Fcategories&post=38"},{"taxonomy":"post_tag","embeddable":true,"href":"https:\/\/tus.smaco.de\/index.php?rest_route=%2Fwp%2Fv2%2Ftags&post=38"}],"curies":[{"name":"wp","href":"https:\/\/api.w.org\/{rel}","templated":true}]}}