{"id":307,"date":"2021-05-29T12:47:46","date_gmt":"2021-05-29T12:47:46","guid":{"rendered":"https:\/\/tus.smaco.de\/?p=307"},"modified":"2025-03-31T09:23:28","modified_gmt":"2025-03-31T09:23:28","slug":"run-for-the-oceans","status":"publish","type":"post","link":"https:\/\/tus.smaco.de\/?p=307","title":{"rendered":"&#8220; Run for the Oceans&#8220;"},"content":{"rendered":"<p>Vom 28.05.2021 bis 08.06.2021 findet der &#8220; Run for the Oceans&#8220; bereits zum vierten Mal statt. Ziel der globalen Laufinitiative ist es, die Plastikverschmutzung der Ozeane zu bek\u00e4mpfen.<br \/>\nGefragt sind also alle laufwilligen und fitten Winterscheider, denn f\u00fcr jeden gelaufenen Kilometer, der in diesem Zeitraum \u00fcber die adidas Running App, Joyrun, Garmin oder Strava getrackt wird, werden adidas und Parley das \u00c4quivalent des Gewichts von 10 Plastikflaschen von Str\u00e4nden und K\u00fcstengemeinden s\u00e4ubern. Je mehr Kilometer zusammenkommen, desto gr\u00f6\u00dfer wird der \u201eReinigungsauftrag&#8220;.<br \/>\nBis heute hat die Initiative mehr als 3 Millionen L\u00e4ufer auf der ganzen Welt vereint.<br \/>\nDank der L\u00e4ufer aus der ganzen Welt sind Plastikabf\u00e4lle zu mehr als 17 Millionen Paar Schuhen recycelt worden.<\/p>\n","protected":false},"excerpt":{"rendered":"<p>Vom 28.05.2021 bis 08.06.2021 findet der &#8220; Run for the Oceans&#8220; bereits zum vierten Mal statt. Ziel der globalen Laufinitiative ist es, die Plastikverschmutzung der Ozeane zu bek\u00e4mpfen. Gefragt sind also alle laufwilligen und fitten Winterscheider, denn f\u00fcr jeden gelaufenen Kilometer, der in diesem Zeitraum \u00fcber die adidas Running App, [&hellip;]<\/p>\n","protected":false},"author":1,"featured_media":0,"comment_status":"open","ping_status":"open","sticky":false,"template":"","format":"standard","meta":{"footnotes":""},"categories":[3],"tags":[],"class_list":["post-307","post","type-post","status-publish","format-standard","hentry","category-tuswinterscheid"],"_links":{"self":[{"href":"https:\/\/tus.smaco.de\/index.php?rest_route=\/wp\/v2\/posts\/307","targetHints":{"allow":["GET"]}}],"collection":[{"href":"https:\/\/tus.smaco.de\/index.php?rest_route=\/wp\/v2\/posts"}],"about":[{"href":"https:\/\/tus.smaco.de\/index.php?rest_route=\/wp\/v2\/types\/post"}],"author":[{"embeddable":true,"href":"https:\/\/tus.smaco.de\/index.php?rest_route=\/wp\/v2\/users\/1"}],"replies":[{"embeddable":true,"href":"https:\/\/tus.smaco.de\/index.php?rest_route=%2Fwp%2Fv2%2Fcomments&post=307"}],"version-history":[{"count":1,"href":"https:\/\/tus.smaco.de\/index.php?rest_route=\/wp\/v2\/posts\/307\/revisions"}],"predecessor-version":[{"id":908,"href":"https:\/\/tus.smaco.de\/index.php?rest_route=\/wp\/v2\/posts\/307\/revisions\/908"}],"wp:attachment":[{"href":"https:\/\/tus.smaco.de\/index.php?rest_route=%2Fwp%2Fv2%2Fmedia&parent=307"}],"wp:term":[{"taxonomy":"category","embeddable":true,"href":"https:\/\/tus.smaco.de\/index.php?rest_route=%2Fwp%2Fv2%2Fcategories&post=307"},{"taxonomy":"post_tag","embeddable":true,"href":"https:\/\/tus.smaco.de\/index.php?rest_route=%2Fwp%2Fv2%2Ftags&post=307"}],"curies":[{"name":"wp","href":"https:\/\/api.w.org\/{rel}","templated":true}]}}