{"id":232,"date":"2019-03-12T17:57:56","date_gmt":"2019-03-12T17:57:56","guid":{"rendered":"https:\/\/tus.smaco.de\/?p=232"},"modified":"2019-03-12T17:57:56","modified_gmt":"2019-03-12T17:57:56","slug":"tus-winterscheid-sv-gruen-weiss-muehleip-4-4-3-2","status":"publish","type":"post","link":"https:\/\/tus.smaco.de\/?p=232","title":{"rendered":"TuS Winterscheid \u2013 SV Gr\u00fcn-Wei\u00df M\u00fchleip 4-4 (3-2)"},"content":{"rendered":"<p>&Uuml;ber einen torreichen Start in die neue Saison durften sich die Alten Herren des TuS Winterscheid freuen. Allerdings: Trotz viermaliger F&uuml;hrung reichte es nur zu einem Unentschieden.<\/p>\n<p><strong>St&uuml;rmische Angriffe<\/strong><\/p>\n<p>Neben dem Torsch&uuml;tzen Michael Hanke (zwei Treffer) und Sascha M&uuml;ffeler konnte Georg Partenheimer in der ersten Halbzeit mit zwei nahezu genialen Vorlagen gl&auml;nzen. Doch den st&uuml;rmischen Aktivit&auml;ten &ndash; passend zu den Windb&ouml;en, die immer wieder den Achim-St&ouml;ver-Platz heimsuchten &ndash; standen eklatante Abwehrfehler gegen&uuml;ber.<\/p>\n<p>Das setzte sich in der zweiten Halbzeit in einem insgesamt fairen Match fort, das von Schiedsrichter Wolfgang Klein &ndash; phasenweise war er der beste Mann auf dem Platz! &ndash; als Mann mit und an der Pfeife souver&auml;n geleitet wurde.<\/p>\n<p><strong>Und ewig gr&uuml;&szlig;t der Ausgleich &#8230;<\/strong><\/p>\n<p>Die Sportkameraden aus M&uuml;hleiper kamen immer wieder zum Ausgleich und erspielten sich &uuml;berdies weitere Torgelegenheiten, die jedoch vom gut aufgelegten Bj&ouml;rn Alenfelder im TuS-Tor zunichte gemacht wurden. Allerdings visierte der TuS auf der anderen Seite gleich dreimal Pfosten oder Latte an, so dass es nur zu einem kleinen Torfestival reichte.<\/p>\n<p>Als Andreas Tel knapp zehn Minuten vor Spielende zum 4-3 einnetzte, durften die zahlreichen fr&ouml;stelnden Winterscheider Fans auf einen Sieg zum Saisonauftakt hoffen. Leider nur wenige Sekunden, denn durch ein kurioses Tor (wie eigentlich ist der Ball hinter der Linie gelandet?) glich der Gegner zum letztendlich gerechten Entstand aus.<\/p>\n<p><strong>Nachwuchs gesucht<\/strong><\/p>\n<p>&Uuml;brigens: Wer sich zutraut, die Spiele der Alten Herren mit seinen eigenen sportlichen Leistungen zu bereichern, sollte sich montags ab 19:00 Uhr am Trainingsgeschehen beteiligen. Du bist herzlich willkommen!<\/p>\n<p><strong>Das Team<\/strong><\/p>\n<p>Bj&ouml;rn Alenfelder, Markus Jung, Robin Figura, Georg Partenheimer, Sascha M&uuml;ffeler, Andreas Tel, J&ouml;rg Limbach, Michael Hanke, Hussein und Coach Alexander Krey<\/p>\n","protected":false},"excerpt":{"rendered":"<p>&Uuml;ber einen torreichen Start in die neue Saison durften sich die Alten Herren des TuS Winterscheid freuen. Allerdings: Trotz viermaliger F&uuml;hrung reichte es nur zu einem Unentschieden. St&uuml;rmische Angriffe Neben dem Torsch&uuml;tzen Michael Hanke (zwei Treffer) und Sascha M&uuml;ffeler konnte Georg Partenheimer in der ersten Halbzeit mit zwei nahezu genialen [&hellip;]<\/p>\n","protected":false},"author":1,"featured_media":0,"comment_status":"open","ping_status":"open","sticky":false,"template":"","format":"standard","meta":{"footnotes":""},"categories":[28],"tags":[],"class_list":["post-232","post","type-post","status-publish","format-standard","hentry","category-alteherren"],"_links":{"self":[{"href":"https:\/\/tus.smaco.de\/index.php?rest_route=\/wp\/v2\/posts\/232","targetHints":{"allow":["GET"]}}],"collection":[{"href":"https:\/\/tus.smaco.de\/index.php?rest_route=\/wp\/v2\/posts"}],"about":[{"href":"https:\/\/tus.smaco.de\/index.php?rest_route=\/wp\/v2\/types\/post"}],"author":[{"embeddable":true,"href":"https:\/\/tus.smaco.de\/index.php?rest_route=\/wp\/v2\/users\/1"}],"replies":[{"embeddable":true,"href":"https:\/\/tus.smaco.de\/index.php?rest_route=%2Fwp%2Fv2%2Fcomments&post=232"}],"version-history":[{"count":0,"href":"https:\/\/tus.smaco.de\/index.php?rest_route=\/wp\/v2\/posts\/232\/revisions"}],"wp:attachment":[{"href":"https:\/\/tus.smaco.de\/index.php?rest_route=%2Fwp%2Fv2%2Fmedia&parent=232"}],"wp:term":[{"taxonomy":"category","embeddable":true,"href":"https:\/\/tus.smaco.de\/index.php?rest_route=%2Fwp%2Fv2%2Fcategories&post=232"},{"taxonomy":"post_tag","embeddable":true,"href":"https:\/\/tus.smaco.de\/index.php?rest_route=%2Fwp%2Fv2%2Ftags&post=232"}],"curies":[{"name":"wp","href":"https:\/\/api.w.org\/{rel}","templated":true}]}}