{"id":21,"date":"2016-02-17T05:54:25","date_gmt":"2016-02-17T05:54:25","guid":{"rendered":"https:\/\/tus.smaco.de\/?p=21"},"modified":"2016-02-17T05:54:25","modified_gmt":"2016-02-17T05:54:25","slug":"einladung-zur-ordentlichen-jugendmitgliederversammlung-2016","status":"publish","type":"post","link":"https:\/\/tus.smaco.de\/?p=21","title":{"rendered":"Einladung zur ordentlichen Jugendmitgliederversammlung 2016"},"content":{"rendered":"<p><span class=\"content\">Am Donnerstag, den 03.03.2016 um 19:30 Uhr findet die ordentliche Jugendmitgliederversammlung 2016 im Sportlerheim des TuS Winterscheid 1923 e.V. statt. Hiermit werden alle Mitglieder des TuS Winterscheid 1923 e.V., die das 14. Lebensjahr vollendet und das 18. Lebendjahr noch nicht \u00fcberschritten haben, herzlich zu dieser Versammlung eingeladen. Tagesordnung der ordentlichen Jugendmitgliederversammlung 2016 des Turn- und Sportvereins Winterscheid 1923 e.V. am Donnerstag, 03.03.2016 um 19:30 Uhr im Sportlerheim des TuS:<\/p>\n<p> 1. Er\u00f6ffnung der ordentlichen Jugendmitgliederversammlung, Begr\u00fc\u00dfung durch den Jugendleiter\/der Jugendleiterin, Feststellung der ordnungsgem\u00e4\u00dfen Einberufung, der Beschlu\u00dff\u00e4higkeit und der Stimmberechtigung der Anwesenden. 2. Erkl\u00e4rung und Darstellung der aktualisierten Jugendordnung 3. Bericht der Abteilungen im Bereich Jugend 4. Finanzen und Ziele der Jugendabteilung 5. Wahl eines Versammlungsleiters\/einer Versammlungsleiterin 6. Neuwahlen des Jugendausschu\u00df a. Wahl des\/der Jugendleiters\/Jugendleiterin b. Wahl des\/der stellvertretenden Juzgendleiters\/Jugendleiterin c. Wahl der Jugendvertreter 7. Best\u00e4tigung der Wahlen der Abteilungen im Jugendbereich 8. Antr\u00e4ge 9. Allgemeine Aussprache Antr\u00e4ge zur Jugendmitgliederversammlung k\u00f6nnen nur von den wahlberechtigten Mitgliedern des Vereins gestellt werfen; sie sind zu begr\u00fcnden und m\u00fcssen sp\u00e4testens eine Woche vor dem Versammlungstag bei Patrik Hochstein oder Sylvia M\u00fcller eingehen. Der Vorstand des TuS w\u00fcrde sich freuen, wenn m\u00f6glichst viele der benannten Mitglieder dieser Einladung folgen.<\/span><\/p>\n","protected":false},"excerpt":{"rendered":"<p>Am Donnerstag, den 03.03.2016 um 19:30 Uhr findet die ordentliche Jugendmitgliederversammlung 2016 im Sportlerheim des TuS Winterscheid 1923 e.V. statt. Hiermit werden alle Mitglieder des TuS Winterscheid 1923 e.V., die das 14. Lebensjahr vollendet und das 18. Lebendjahr noch nicht \u00fcberschritten haben, herzlich zu dieser Versammlung eingeladen. Tagesordnung der ordentlichen [&hellip;]<\/p>\n","protected":false},"author":1,"featured_media":0,"comment_status":"open","ping_status":"open","sticky":false,"template":"","format":"standard","meta":{"footnotes":""},"categories":[3],"tags":[],"class_list":["post-21","post","type-post","status-publish","format-standard","hentry","category-tuswinterscheid"],"_links":{"self":[{"href":"https:\/\/tus.smaco.de\/index.php?rest_route=\/wp\/v2\/posts\/21","targetHints":{"allow":["GET"]}}],"collection":[{"href":"https:\/\/tus.smaco.de\/index.php?rest_route=\/wp\/v2\/posts"}],"about":[{"href":"https:\/\/tus.smaco.de\/index.php?rest_route=\/wp\/v2\/types\/post"}],"author":[{"embeddable":true,"href":"https:\/\/tus.smaco.de\/index.php?rest_route=\/wp\/v2\/users\/1"}],"replies":[{"embeddable":true,"href":"https:\/\/tus.smaco.de\/index.php?rest_route=%2Fwp%2Fv2%2Fcomments&post=21"}],"version-history":[{"count":0,"href":"https:\/\/tus.smaco.de\/index.php?rest_route=\/wp\/v2\/posts\/21\/revisions"}],"wp:attachment":[{"href":"https:\/\/tus.smaco.de\/index.php?rest_route=%2Fwp%2Fv2%2Fmedia&parent=21"}],"wp:term":[{"taxonomy":"category","embeddable":true,"href":"https:\/\/tus.smaco.de\/index.php?rest_route=%2Fwp%2Fv2%2Fcategories&post=21"},{"taxonomy":"post_tag","embeddable":true,"href":"https:\/\/tus.smaco.de\/index.php?rest_route=%2Fwp%2Fv2%2Ftags&post=21"}],"curies":[{"name":"wp","href":"https:\/\/api.w.org\/{rel}","templated":true}]}}